{"id":709,"date":"2018-10-23T15:00:22","date_gmt":"2018-10-23T13:00:22","guid":{"rendered":"http:\/\/www.smarttarif24.de\/Blog\/?p=709"},"modified":"2018-10-22T12:44:46","modified_gmt":"2018-10-22T10:44:46","slug":"apple-praesentiert-neues-mac-book-ipad-pro-30-oktober-2018","status":"publish","type":"post","link":"https:\/\/www.smarttarif24.de\/blog\/2018\/10\/23\/apple-praesentiert-neues-mac-book-ipad-pro-30-oktober-2018\/","title":{"rendered":"Apple pr\u00e4sentiert neues Mac Book &#038; iPad Pro &#8211; 30.Oktober 2018"},"content":{"rendered":"<p>New York City, the place to be. Das dachte sich auch Apple, dass Konzern hat am 30.Oktober.2018 angek\u00fcndigt seine Neuheiten Pr\u00e4sentation in New York vorzustellen statt wie gewohnt in Kalifornien. Insider erwarten bei der Pr\u00e4sentation ein neues Modell des iPad-Tablets sowie ein Macbook Laptop. Der Konzern \u00e4u\u00dferte sich wie gewohnt nat\u00fcrlich nicht dazu, was vorgestellt wird.<\/p>\n<p><img decoding=\"async\" loading=\"lazy\" class=\"aligncenter wp-image-683\" src=\"http:\/\/www.smarttarif24.de\/Blog\/wp-content\/uploads\/2018\/10\/37181947_s.jpg\" alt=\"Apple pr\u00e4sentiert neues Mac Book &amp; iPad Pro - 30.Oktober 2018\" width=\"429\" height=\"363\" srcset=\"https:\/\/www.smarttarif24.de\/blog\/wp-content\/uploads\/2018\/10\/37181947_s.jpg 753w, https:\/\/www.smarttarif24.de\/blog\/wp-content\/uploads\/2018\/10\/37181947_s-300x253.jpg 300w\" sizes=\"(max-width: 429px) 100vw, 429px\" \/><\/p>\n<p><strong>Was wir beim iPad erwarten k\u00f6nnen?<\/strong><\/p>\n<p>Das iPad Pro 2018 wird in diesem Jahr ein v\u00f6llig neu \u00fcberarbeitetes Design erhalten. Wir spekulieren, dass \u00e4hnlich wie beim iPhone die Bildschirmr\u00e4nder sehr d\u00fcnn werden und das Display praktisch die gesamte Frontseite ausf\u00fcllt.\u00a0Dieses wird sich dann vor allem auch am\u00a0Display\u00a0zeigen, das wohl nahezu randlos verbaut wird. Face ID ist ebenfalls ein Thema und wird erstmals in einem Apple-Tablet zum Einsatz kommen. Die weitere Hardware bezieht sich dann noch auf mehr internen Speicher und den neuen Apple A12-Prozessor.<\/p>\n<p><strong>Mac book\u00a0<\/strong><\/p>\n<p>Das Konzern bereitet eine modernisierte Version seines g\u00fcnstigsten Laptops Macbook Air vor. Es ist laut Marktforschern das Apple-Notebook, das sich am meisten verkauft\u00a0 technisch liegt es aber weit hinter den anderen Modellen zur\u00fcck. Wie und was genau dahinter steckt ist noch unklar.<\/p>\n<p>Wir sind gespannt &amp; verfolgen die Pr\u00e4sentation am 30.Oktober.2018 im Livestream.<\/p>\n<p>&nbsp;<\/p>\n","protected":false},"excerpt":{"rendered":"<p>New York City, the place to be. Das dachte sich auch Apple, dass Konzern hat am 30.Oktober.2018 angek\u00fcndigt seine Neuheiten Pr\u00e4sentation in New York vorzustellen&hellip;<\/p>\n","protected":false},"author":2,"featured_media":0,"comment_status":"open","ping_status":"open","sticky":false,"template":"","format":"standard","meta":[],"categories":[156,150,1],"tags":[54,89,230,229,15,63],"_links":{"self":[{"href":"https:\/\/www.smarttarif24.de\/blog\/wp-json\/wp\/v2\/posts\/709"}],"collection":[{"href":"https:\/\/www.smarttarif24.de\/blog\/wp-json\/wp\/v2\/posts"}],"about":[{"href":"https:\/\/www.smarttarif24.de\/blog\/wp-json\/wp\/v2\/types\/post"}],"author":[{"embeddable":true,"href":"https:\/\/www.smarttarif24.de\/blog\/wp-json\/wp\/v2\/users\/2"}],"replies":[{"embeddable":true,"href":"https:\/\/www.smarttarif24.de\/blog\/wp-json\/wp\/v2\/comments?post=709"}],"version-history":[{"count":3,"href":"https:\/\/www.smarttarif24.de\/blog\/wp-json\/wp\/v2\/posts\/709\/revisions"}],"predecessor-version":[{"id":711,"href":"https:\/\/www.smarttarif24.de\/blog\/wp-json\/wp\/v2\/posts\/709\/revisions\/711"}],"wp:attachment":[{"href":"https:\/\/www.smarttarif24.de\/blog\/wp-json\/wp\/v2\/media?parent=709"}],"wp:term":[{"taxonomy":"category","embeddable":true,"href":"https:\/\/www.smarttarif24.de\/blog\/wp-json\/wp\/v2\/categories?post=709"},{"taxonomy":"post_tag","embeddable":true,"href":"https:\/\/www.smarttarif24.de\/blog\/wp-json\/wp\/v2\/tags?post=709"}],"curies":[{"name":"wp","href":"https:\/\/api.w.org\/{rel}","templated":true}]}}