{"id":391,"date":"2018-09-22T12:30:54","date_gmt":"2018-09-22T10:30:54","guid":{"rendered":"http:\/\/www.smarttarif24.de\/Blog\/?p=391"},"modified":"2018-09-19T10:27:12","modified_gmt":"2018-09-19T08:27:12","slug":"ios-12-1-verraet-das-neues-ipad-pro","status":"publish","type":"post","link":"https:\/\/www.smarttarif24.de\/blog\/2018\/09\/22\/ios-12-1-verraet-das-neues-ipad-pro\/","title":{"rendered":"iOS 12.1 verr\u00e4t neues iPad Pro?!"},"content":{"rendered":"<p><a class=\"golem-internal-url golem-url-specials\" href=\"https:\/\/www.smarttarif24.de\/angebote\/die-neue-apple-iphone-x-reihe.html\" target=\"_blank\" rel=\"noopener\">Apple<\/a>\u00a0hat mit der Entwicklerbeta von <a href=\"http:\/\/www.smarttarif24.de\/Blog\/2018\/09\/17\/ios-12-ab-heute-zur-verfuegung\/\">iOS 12.1<\/a> einen ersten Aufschlag f\u00fcr sein neues Betriebssystem ver\u00f6ffentlicht. Darin findet sich ein Hinweis auf ein neues\u00a0iPad, das im Herbst erscheinen soll. Mit<a href=\"http:\/\/www.smarttarif24.de\/Blog\/2018\/09\/17\/ios-12-ab-heute-zur-verfuegung\/\"> iOS 12.1<\/a> will Apple zudem einige Versprechen einl\u00f6sen.<\/p>\n<figure id=\"attachment_393\" aria-describedby=\"caption-attachment-393\" style=\"width: 1024px\" class=\"wp-caption alignnone\"><img decoding=\"async\" loading=\"lazy\" class=\"wp-image-393 size-full\" src=\"http:\/\/www.smarttarif24.de\/Blog\/wp-content\/uploads\/2018\/09\/iPad_Pro_Leak_Twitter_Steve_H_Fragezeichen-171a4edd569e448b.jpg\" alt=\"\" width=\"1024\" height=\"576\" srcset=\"https:\/\/www.smarttarif24.de\/blog\/wp-content\/uploads\/2018\/09\/iPad_Pro_Leak_Twitter_Steve_H_Fragezeichen-171a4edd569e448b.jpg 1024w, https:\/\/www.smarttarif24.de\/blog\/wp-content\/uploads\/2018\/09\/iPad_Pro_Leak_Twitter_Steve_H_Fragezeichen-171a4edd569e448b-300x169.jpg 300w, https:\/\/www.smarttarif24.de\/blog\/wp-content\/uploads\/2018\/09\/iPad_Pro_Leak_Twitter_Steve_H_Fragezeichen-171a4edd569e448b-768x432.jpg 768w\" sizes=\"(max-width: 1024px) 100vw, 1024px\" \/><figcaption id=\"caption-attachment-393\" class=\"wp-caption-text\">Bildquelle: Apple<\/figcaption><\/figure>\n<p>&nbsp;<\/p>\n<p>Die Beta 1 von <a href=\"http:\/\/www.smarttarif24.de\/Blog\/2018\/09\/17\/ios-12-ab-heute-zur-verfuegung\/\">iOS 12.1<\/a> ist da und bietet unter anderem die Funktion Gruppen-Facetime. Diese Funktion sah Apple urspr\u00fcnglich bereits f\u00fcr das Anfang erschienene<a href=\"http:\/\/www.smarttarif24.de\/Blog\/2018\/09\/17\/ios-12-ab-heute-zur-verfuegung\/\"> iOS 12<\/a> vor, entfernte die Gruppenvideokonferenzfunktion jedoch im Laufe der Betaphase von<a href=\"http:\/\/www.smarttarif24.de\/Blog\/2018\/09\/17\/ios-12-ab-heute-zur-verfuegung\/\"> iOS 12<\/a> und verlegte sie auf einen sp\u00e4teren Ver\u00f6ffentlichungszeitpunkt.<\/p>\n<p><a href=\"http:\/\/www.smarttarif24.de\/Blog\/2018\/09\/17\/ios-12-ab-heute-zur-verfuegung\/\">IOS 12.1<\/a> bietet zudem eine\u00a0Memoji-Synchronisation. Memojis sind kleine animierte Avatare, die der Nutzer mit einem Baukasten selbst erstellen kann. So kann er beispielsweise ein Abbild von sich selbst generieren, das dann durch die Truedepth-Kamera im <a href=\"https:\/\/www.smarttarif24.de\/artikel\/apple-iphone-x-64gb-spacegray-mit-tarif-vodafone-red-m-classic-special-gigakombi-2018.html\">iPhone X<\/a> oder den neuen Modellen mit den Kopfbewegungen des Nutzers animiert wird. <a href=\"http:\/\/www.smarttarif24.de\/Blog\/2018\/09\/17\/ios-12-ab-heute-zur-verfuegung\/\">IOS 12<\/a> kann diese Memojis noch nicht auf andere Ger\u00e4te des Nutzers \u00fcbertragen, bei <a href=\"http:\/\/www.smarttarif24.de\/Blog\/2018\/09\/17\/ios-12-ab-heute-zur-verfuegung\/\">iOS 12.1<\/a> gibt es daf\u00fcr eine iCloud-Synchronisation. Das deutet darauf hin, dass weitere iOS-Ger\u00e4te wie ein k\u00fcnftiges iPad eine Truedepth-Kamera erhalten.<\/p>\n<p><a href=\"http:\/\/www.smarttarif24.de\/Blog\/2018\/09\/17\/ios-12-ab-heute-zur-verfuegung\/\">IOS 12.1<\/a> bietet auch einen Hinweis auf neue iPad-Modelle, die noch in diesem Jahr auf den Markt kommen sollen. Beim Durchsuchen von der Setup-App verwendeten Assets fand man eine neue Kennung f\u00fcr ein iPad &#8222;<em>2018 fall<\/em>&#8222;. Die Vorg\u00e4ngerversion der App enthielt nur Identifikatoren f\u00fcr die 2018er iPhones.<\/p>\n<p>Entwickler Steven Troughton-Smith entdeckte dar\u00fcber hinaus Hinweise in <a href=\"http:\/\/www.smarttarif24.de\/Blog\/2018\/09\/17\/ios-12-ab-heute-zur-verfuegung\/\">iOS 12.1<\/a>, denen zufolge die\u00a0Gesichtserkennung Face ID auch auf im Querformat\u00a0gehaltenen Ger\u00e4ten funktionieren soll. Das w\u00e4re bei einem Tablet wie dem iPad praktisch. Eine Nachr\u00fcstung f\u00fcr iPhones h\u00e4lt er f\u00fcr ausgeschlossen. Wir sind gespannt was es mit den Ger\u00fcchten auf sich hat und halten euch mit den neusten Informationen auf dem laufenden.<\/p>\n<p>&nbsp;<\/p>\n","protected":false},"excerpt":{"rendered":"<p>Apple\u00a0hat mit der Entwicklerbeta von iOS 12.1 einen ersten Aufschlag f\u00fcr sein neues Betriebssystem ver\u00f6ffentlicht. Darin findet sich ein Hinweis auf ein neues\u00a0iPad, das im&hellip;<\/p>\n","protected":false},"author":2,"featured_media":0,"comment_status":"open","ping_status":"open","sticky":false,"template":"","format":"standard","meta":[],"categories":[7,1,3],"tags":[54,115,89,90,149,13,18,14],"_links":{"self":[{"href":"https:\/\/www.smarttarif24.de\/blog\/wp-json\/wp\/v2\/posts\/391"}],"collection":[{"href":"https:\/\/www.smarttarif24.de\/blog\/wp-json\/wp\/v2\/posts"}],"about":[{"href":"https:\/\/www.smarttarif24.de\/blog\/wp-json\/wp\/v2\/types\/post"}],"author":[{"embeddable":true,"href":"https:\/\/www.smarttarif24.de\/blog\/wp-json\/wp\/v2\/users\/2"}],"replies":[{"embeddable":true,"href":"https:\/\/www.smarttarif24.de\/blog\/wp-json\/wp\/v2\/comments?post=391"}],"version-history":[{"count":6,"href":"https:\/\/www.smarttarif24.de\/blog\/wp-json\/wp\/v2\/posts\/391\/revisions"}],"predecessor-version":[{"id":398,"href":"https:\/\/www.smarttarif24.de\/blog\/wp-json\/wp\/v2\/posts\/391\/revisions\/398"}],"wp:attachment":[{"href":"https:\/\/www.smarttarif24.de\/blog\/wp-json\/wp\/v2\/media?parent=391"}],"wp:term":[{"taxonomy":"category","embeddable":true,"href":"https:\/\/www.smarttarif24.de\/blog\/wp-json\/wp\/v2\/categories?post=391"},{"taxonomy":"post_tag","embeddable":true,"href":"https:\/\/www.smarttarif24.de\/blog\/wp-json\/wp\/v2\/tags?post=391"}],"curies":[{"name":"wp","href":"https:\/\/api.w.org\/{rel}","templated":true}]}}