{"id":3732,"date":"2023-01-26T11:11:02","date_gmt":"2023-01-26T10:11:02","guid":{"rendered":"https:\/\/www.smarttarif24.de\/blog\/?p=3732"},"modified":"2023-01-26T11:39:30","modified_gmt":"2023-01-26T10:39:30","slug":"whatsapp-neues-update-veraendert-statusfunktion","status":"publish","type":"post","link":"https:\/\/www.smarttarif24.de\/blog\/2023\/01\/26\/whatsapp-neues-update-veraendert-statusfunktion\/","title":{"rendered":"WhatsApp : Neues Update ver\u00e4ndert Statusfunktion"},"content":{"rendered":"\n<p>Bei WhatsApp gibt es wieder Neuigkeiten. Der Fokus liegt diesmal auf eine Funktion f\u00fcr den WhatsApp-Status. Einige Android-Nutzer:innen haben bereits zugriff drauf.<\/p>\n\n\n\n<h2 class=\"wp-block-heading\">Was kann die neue WhatsApp Statusfunktion?<\/h2>\n\n\n\n<p>Es ist bereits seit einigen Monaten bekannt, dass WhatsApp an einer neue Funktion arbeitet. Das Update soll den Nutzer:innen eine einfache Handhabung der Sprachnachrichten ohne Umwege erm\u00f6glichen. Das hei\u00dft, ihr k\u00f6nnt in Zukunft Sprachnachrichten im Status teilen. <\/p>\n\n\n\n<figure class=\"wp-block-image size-full\"><img decoding=\"async\" loading=\"lazy\" width=\"940\" height=\"788\" src=\"https:\/\/www.smarttarif24.de\/blog\/wp-content\/uploads\/2023\/01\/Instagram-News-Beitrag-kompakt-Facebook-Beitrag-Querformat.png\" alt=\"\" class=\"wp-image-3733\" srcset=\"https:\/\/www.smarttarif24.de\/blog\/wp-content\/uploads\/2023\/01\/Instagram-News-Beitrag-kompakt-Facebook-Beitrag-Querformat.png 940w, https:\/\/www.smarttarif24.de\/blog\/wp-content\/uploads\/2023\/01\/Instagram-News-Beitrag-kompakt-Facebook-Beitrag-Querformat-300x251.png 300w, https:\/\/www.smarttarif24.de\/blog\/wp-content\/uploads\/2023\/01\/Instagram-News-Beitrag-kompakt-Facebook-Beitrag-Querformat-768x644.png 768w\" sizes=\"(max-width: 940px) 100vw, 940px\" \/><figcaption class=\"wp-element-caption\">Bildquelle: Smarttarif24<\/figcaption><\/figure>\n\n\n\n<h2 class=\"wp-block-heading\">Wie kannst du die Funktion einstellen? <\/h2>\n\n\n\n<p>Wie kannst du die herausfinden, dass die Funktion bei dir bereits verf\u00fcgbar ist? Wenn deine Sprach-Status-Funktion aktiv ist, dann m\u00fcsste ein Mikrofon-Symbol jetzt sichtbar sein, wenn du einen Status teilen m\u00f6chtest. Die Funktion erm\u00f6glicht es dir, eine 30 Sekunden Sprach-Memo aufzunehmen. An der Sichtbarkeit ist es wie gehabt, 24 Stunden aktiv und nur deine Kontakte k\u00f6nnen deinen Status in Zukunft sehen &amp; H\u00f6ren. Am Anfang k\u00f6nnen allerdings nur die Kontakte die Sprach-Memo abh\u00f6ren, die auch die Funktion bereits haben, also wir empfehlen, noch etwas damit zu warten, bis es f\u00fcr alle ausgerollt ist.<\/p>\n","protected":false},"excerpt":{"rendered":"<p>Bei WhatsApp gibt es wieder Neuigkeiten. Der Fokus liegt diesmal auf eine Funktion f\u00fcr den WhatsApp-Status. Einige Android-Nutzer:innen haben bereits zugriff drauf. Was kann die&hellip;<\/p>\n","protected":false},"author":1,"featured_media":0,"comment_status":"open","ping_status":"open","sticky":false,"template":"","format":"standard","meta":[],"categories":[6,156,1,3,5],"tags":[11,54,114,106,1646,433,1741,1740,1118,193,166],"_links":{"self":[{"href":"https:\/\/www.smarttarif24.de\/blog\/wp-json\/wp\/v2\/posts\/3732"}],"collection":[{"href":"https:\/\/www.smarttarif24.de\/blog\/wp-json\/wp\/v2\/posts"}],"about":[{"href":"https:\/\/www.smarttarif24.de\/blog\/wp-json\/wp\/v2\/types\/post"}],"author":[{"embeddable":true,"href":"https:\/\/www.smarttarif24.de\/blog\/wp-json\/wp\/v2\/users\/1"}],"replies":[{"embeddable":true,"href":"https:\/\/www.smarttarif24.de\/blog\/wp-json\/wp\/v2\/comments?post=3732"}],"version-history":[{"count":5,"href":"https:\/\/www.smarttarif24.de\/blog\/wp-json\/wp\/v2\/posts\/3732\/revisions"}],"predecessor-version":[{"id":3738,"href":"https:\/\/www.smarttarif24.de\/blog\/wp-json\/wp\/v2\/posts\/3732\/revisions\/3738"}],"wp:attachment":[{"href":"https:\/\/www.smarttarif24.de\/blog\/wp-json\/wp\/v2\/media?parent=3732"}],"wp:term":[{"taxonomy":"category","embeddable":true,"href":"https:\/\/www.smarttarif24.de\/blog\/wp-json\/wp\/v2\/categories?post=3732"},{"taxonomy":"post_tag","embeddable":true,"href":"https:\/\/www.smarttarif24.de\/blog\/wp-json\/wp\/v2\/tags?post=3732"}],"curies":[{"name":"wp","href":"https:\/\/api.w.org\/{rel}","templated":true}]}}