{"id":3507,"date":"2022-10-26T14:26:27","date_gmt":"2022-10-26T12:26:27","guid":{"rendered":"https:\/\/www.smarttarif24.de\/blog\/?p=3507"},"modified":"2022-11-09T10:35:16","modified_gmt":"2022-11-09T09:35:16","slug":"apple-updates-ios-und-ipados-neue-funktionen","status":"publish","type":"post","link":"https:\/\/www.smarttarif24.de\/blog\/2022\/10\/26\/apple-updates-ios-und-ipados-neue-funktionen\/","title":{"rendered":"Apple-Updates: iOS und iPadOS neue Funktionen"},"content":{"rendered":"\n<p>iOS 16.1 f\u00fcr iPads ist drau\u00dfen, am Montag hat das Konzern iOS 16.1 sowie iPadOS 16.1 zum Download zur Verf\u00fcgung gestellt. Einige Neuheiten wie der Stage Manager oder Live-Aktivit\u00e4ten sind ebenfalls inklusive. Bei den Live-Aktivit\u00e4ten handelt es sich bei dem Update um einen Support, der da nachtr\u00e4glich hinzugef\u00fcgt wurde. Es ist ein Mix aus sogenannten Widgets und Mitteilungen, sprich man kann sein Sperrbildschirm so wie man es sich gerne w\u00fcnscht, gestalten und anzeigen lassen. Bei den neusten Produkten von Apple, dem iPhone 14 Pro und 14 Pro Max sieht man die Live-Aktivit\u00e4ten im <strong>Dynamic Island<\/strong> die Aktivit\u00e4ten bleiben da immer in Sicht, auch wenn man andere Apps benutzt.<\/p>\n\n\n\n<figure class=\"wp-block-image size-large is-resized\"><img decoding=\"async\" loading=\"lazy\" src=\"https:\/\/www.smarttarif24.de\/blog\/wp-content\/uploads\/2022\/10\/IPAD-OS-16-1024x1024.png\" alt=\"\" class=\"wp-image-3521\" width=\"620\" height=\"620\" srcset=\"https:\/\/www.smarttarif24.de\/blog\/wp-content\/uploads\/2022\/10\/IPAD-OS-16-1024x1024.png 1024w, https:\/\/www.smarttarif24.de\/blog\/wp-content\/uploads\/2022\/10\/IPAD-OS-16-300x300.png 300w, https:\/\/www.smarttarif24.de\/blog\/wp-content\/uploads\/2022\/10\/IPAD-OS-16-150x150.png 150w, https:\/\/www.smarttarif24.de\/blog\/wp-content\/uploads\/2022\/10\/IPAD-OS-16-768x768.png 768w, https:\/\/www.smarttarif24.de\/blog\/wp-content\/uploads\/2022\/10\/IPAD-OS-16.png 1080w\" sizes=\"(max-width: 620px) 100vw, 620px\" \/><\/figure>\n\n\n\n<p><strong><em><mark style=\"background-color:#222222\" class=\"has-inline-color has-white-color\">Weitere Neuerungen bei iOS, iPadOS 16.1 und macOS 13 sind:<\/mark><\/em><\/strong><\/p>\n\n\n\n<ul>\n<li>eine gemeinsame Cloud-Fotosammlung ( max. 6 Personen ) <\/li>\n\n\n\n<li>der Support f\u00fcr den Smart-Home-Standard <\/li>\n\n\n\n<li>Fitness+ jetzt f\u00fcr alle iPhone-Nutzer ( Ihr braucht zwingend keine Apple Watch mehr ) <\/li>\n\n\n\n<li>durch das Update werden Fehler bei CarPlay ausgeblendet. <\/li>\n\n\n\n<li>bereits gel\u00f6schte Chats in der iMessage-Hauptansicht die immer wieder aufgetaucht sind, wurden ebenfalls behoben.<\/li>\n<\/ul>\n\n\n\n<p><\/p>\n\n\n\n<p><\/p>\n","protected":false},"excerpt":{"rendered":"<p>iOS 16.1 f\u00fcr iPads ist drau\u00dfen, am Montag hat das Konzern iOS 16.1 sowie iPadOS 16.1 zum Download zur Verf\u00fcgung gestellt. Einige Neuheiten wie der&hellip;<\/p>\n","protected":false},"author":1,"featured_media":0,"comment_status":"open","ping_status":"open","sticky":false,"template":"","format":"standard","meta":[],"categories":[156,7,1663,1,1662],"tags":[154,54,1671,1690,1689,89,1595,1666,1691,106],"_links":{"self":[{"href":"https:\/\/www.smarttarif24.de\/blog\/wp-json\/wp\/v2\/posts\/3507"}],"collection":[{"href":"https:\/\/www.smarttarif24.de\/blog\/wp-json\/wp\/v2\/posts"}],"about":[{"href":"https:\/\/www.smarttarif24.de\/blog\/wp-json\/wp\/v2\/types\/post"}],"author":[{"embeddable":true,"href":"https:\/\/www.smarttarif24.de\/blog\/wp-json\/wp\/v2\/users\/1"}],"replies":[{"embeddable":true,"href":"https:\/\/www.smarttarif24.de\/blog\/wp-json\/wp\/v2\/comments?post=3507"}],"version-history":[{"count":9,"href":"https:\/\/www.smarttarif24.de\/blog\/wp-json\/wp\/v2\/posts\/3507\/revisions"}],"predecessor-version":[{"id":3555,"href":"https:\/\/www.smarttarif24.de\/blog\/wp-json\/wp\/v2\/posts\/3507\/revisions\/3555"}],"wp:attachment":[{"href":"https:\/\/www.smarttarif24.de\/blog\/wp-json\/wp\/v2\/media?parent=3507"}],"wp:term":[{"taxonomy":"category","embeddable":true,"href":"https:\/\/www.smarttarif24.de\/blog\/wp-json\/wp\/v2\/categories?post=3507"},{"taxonomy":"post_tag","embeddable":true,"href":"https:\/\/www.smarttarif24.de\/blog\/wp-json\/wp\/v2\/tags?post=3507"}],"curies":[{"name":"wp","href":"https:\/\/api.w.org\/{rel}","templated":true}]}}