{"id":3218,"date":"2022-05-23T13:58:41","date_gmt":"2022-05-23T11:58:41","guid":{"rendered":"https:\/\/www.smarttarif24.de\/blog\/?p=3218"},"modified":"2022-05-23T14:05:19","modified_gmt":"2022-05-23T12:05:19","slug":"instagram-update-ist-nur-noch-nervig","status":"publish","type":"post","link":"https:\/\/www.smarttarif24.de\/blog\/2022\/05\/23\/instagram-update-ist-nur-noch-nervig\/","title":{"rendered":"Instagram Update: ist nur noch Nervig!"},"content":{"rendered":"\n<p>Ein weiteres neue Update bei Instagram sorgt f\u00fcr nicht erfreute Nutzer. Als w\u00fcrde es nicht reichen, dass die App schon fast wie bei der Konkurrenz TikTok aussieht, jetzt wird auch noch der Feed angepasst, was \u00fcberhaupt nicht f\u00fcr Begeisterung sorgt. Instagram Nutzer w\u00fcnschen sich ihr altes Instagram zur\u00fcck. Das wird aber wohl nicht passieren.<\/p>\n\n\n\n<figure class=\"wp-block-image size-large\"><img decoding=\"async\" loading=\"lazy\" width=\"683\" height=\"1024\" src=\"https:\/\/www.smarttarif24.de\/blog\/wp-content\/uploads\/2022\/05\/wusstest-du--683x1024.png\" alt=\"\" class=\"wp-image-3219\" srcset=\"https:\/\/www.smarttarif24.de\/blog\/wp-content\/uploads\/2022\/05\/wusstest-du--683x1024.png 683w, https:\/\/www.smarttarif24.de\/blog\/wp-content\/uploads\/2022\/05\/wusstest-du--200x300.png 200w, https:\/\/www.smarttarif24.de\/blog\/wp-content\/uploads\/2022\/05\/wusstest-du--768x1152.png 768w, https:\/\/www.smarttarif24.de\/blog\/wp-content\/uploads\/2022\/05\/wusstest-du-.png 1000w\" sizes=\"(max-width: 683px) 100vw, 683px\" \/><figcaption>Bildquelle: Smarttarif24<\/figcaption><\/figure>\n\n\n\n<h3 class=\"wp-block-heading\">Was hat Instagram vor ?<\/h3>\n\n\n\n<p>Von diesen besagten Update sind erst mal seit Mai nur ausgew\u00e4hlte Nutzer, die das Update testen und von der Ver\u00e4nderung betroffen sind, bis es dann komplett f\u00fcr alle ausgerollt werden soll. Es erinnert sehr stark an Konkurrent TikTok..<\/p>\n\n\n\n<p>Adam Mosseri, m\u00f6chte das die Beitr\u00e4ge, die angezeigt werden, mehr Aufmerksamkeit erregen und so ein intensiveres Erlebnis erm\u00f6glichen. Sprich durch diese Vollbild sollen Nutzer sich also jetzt noch mehr in die virtuelle Welt vertiefen. Das Vollbildschirmverh\u00e4ltnis 9:16 sei das beste Format f\u00fcr den mobilen Konsum der Inhalte. In Zukunft wird man also die Kommentare, Bildunterschriften und Likes \u00fcber den Beitr\u00e4gen statt wie zuvor darunter. Die Story-Leiste, die ganz oben war, verschwindet und erscheint erst wieder, sobald zu scrollen beginnst.<\/p>\n\n\n\n<p>F\u00fcr viele wird die Umstellung bedeutet, dass kein Weg mehr an vertikalen Inhalten vorbeif\u00fchrt. Also am besten die Videos nicht mehr im Querformat filmen oder fotografieren, es k\u00f6nnte passieren, dass deine Inhalte dann oben und unten mit einem Balken versehen oder abgeschnitten werden und das m\u00f6chte nat\u00fcrlich niemand.<\/p>\n","protected":false},"excerpt":{"rendered":"<p>Ein weiteres neue Update bei Instagram sorgt f\u00fcr nicht erfreute Nutzer. Als w\u00fcrde es nicht reichen, dass die App schon fast wie bei der Konkurrenz&hellip;<\/p>\n","protected":false},"author":1,"featured_media":0,"comment_status":"open","ping_status":"open","sticky":false,"template":"","format":"standard","meta":[],"categories":[6,7,817,1,3],"tags":[11,54,461,1619,106,13,14,194],"_links":{"self":[{"href":"https:\/\/www.smarttarif24.de\/blog\/wp-json\/wp\/v2\/posts\/3218"}],"collection":[{"href":"https:\/\/www.smarttarif24.de\/blog\/wp-json\/wp\/v2\/posts"}],"about":[{"href":"https:\/\/www.smarttarif24.de\/blog\/wp-json\/wp\/v2\/types\/post"}],"author":[{"embeddable":true,"href":"https:\/\/www.smarttarif24.de\/blog\/wp-json\/wp\/v2\/users\/1"}],"replies":[{"embeddable":true,"href":"https:\/\/www.smarttarif24.de\/blog\/wp-json\/wp\/v2\/comments?post=3218"}],"version-history":[{"count":3,"href":"https:\/\/www.smarttarif24.de\/blog\/wp-json\/wp\/v2\/posts\/3218\/revisions"}],"predecessor-version":[{"id":3222,"href":"https:\/\/www.smarttarif24.de\/blog\/wp-json\/wp\/v2\/posts\/3218\/revisions\/3222"}],"wp:attachment":[{"href":"https:\/\/www.smarttarif24.de\/blog\/wp-json\/wp\/v2\/media?parent=3218"}],"wp:term":[{"taxonomy":"category","embeddable":true,"href":"https:\/\/www.smarttarif24.de\/blog\/wp-json\/wp\/v2\/categories?post=3218"},{"taxonomy":"post_tag","embeddable":true,"href":"https:\/\/www.smarttarif24.de\/blog\/wp-json\/wp\/v2\/tags?post=3218"}],"curies":[{"name":"wp","href":"https:\/\/api.w.org\/{rel}","templated":true}]}}