{"id":2724,"date":"2022-02-01T11:00:32","date_gmt":"2022-02-01T10:00:32","guid":{"rendered":"https:\/\/www.smarttarif24.de\/blog\/?p=2724"},"modified":"2022-01-31T15:42:26","modified_gmt":"2022-01-31T14:42:26","slug":"apple-ios-15-4-update","status":"publish","type":"post","link":"https:\/\/www.smarttarif24.de\/blog\/2022\/02\/01\/apple-ios-15-4-update\/","title":{"rendered":"Apple: iOS 15.4 Update"},"content":{"rendered":"<h3>iOS 15.4 Update- neue Features f\u00fcr iPhone und co.<\/h3>\n<p>Apple Nutzer k\u00f6nnen sich diesmal wirklich auf das Update freuen. Unter dem neuen iOS 15.4 Update erwartet uns Face ID f\u00fcr Maskentr\u00e4ger, nach der zweij\u00e4hrigen Corona Zeit, wird das, auch h\u00f6chste Zeit, da die Masken schon lange Bestandteil unseres Alltages sind. Des Weiteren erwarten uns neu Emojis und Universal Control.<\/p>\n<figure id=\"attachment_2726\" aria-describedby=\"caption-attachment-2726\" style=\"width: 1024px\" class=\"wp-caption alignnone\"><img decoding=\"async\" loading=\"lazy\" class=\"wp-image-2726 size-large\" src=\"https:\/\/www.smarttarif24.de\/blog\/wp-content\/uploads\/2022\/01\/Blau-Ausdrucksstark-Formen-Action-Abenteuer-YouTube-Miniaturansicht-1024x576.png\" alt=\"\" width=\"1024\" height=\"576\" srcset=\"https:\/\/www.smarttarif24.de\/blog\/wp-content\/uploads\/2022\/01\/Blau-Ausdrucksstark-Formen-Action-Abenteuer-YouTube-Miniaturansicht-1024x576.png 1024w, https:\/\/www.smarttarif24.de\/blog\/wp-content\/uploads\/2022\/01\/Blau-Ausdrucksstark-Formen-Action-Abenteuer-YouTube-Miniaturansicht-300x169.png 300w, https:\/\/www.smarttarif24.de\/blog\/wp-content\/uploads\/2022\/01\/Blau-Ausdrucksstark-Formen-Action-Abenteuer-YouTube-Miniaturansicht-768x432.png 768w, https:\/\/www.smarttarif24.de\/blog\/wp-content\/uploads\/2022\/01\/Blau-Ausdrucksstark-Formen-Action-Abenteuer-YouTube-Miniaturansicht.png 1280w\" sizes=\"(max-width: 1024px) 100vw, 1024px\" \/><figcaption id=\"caption-attachment-2726\" class=\"wp-caption-text\">Bildquelle: Icon MacRumors \/ Smarttarif24<\/figcaption><\/figure>\n<p>Apple hat die W\u00fcnsche der Nutzer erh\u00f6rt und setzt einige Features endlich um. Das Warten hat, sich in diesem Fall ausgezahlt. F\u00fcr alle <strong>Emoji<\/strong> Liebhaber, es ist diesmal f\u00fcr jede Menge Nachschub gesorgt worden, was die kleinen Bildchen angeht. Insgesamt f\u00fcgt Apple 112 Emojis ein, 37 neue Emojis und ganze 75 neue Hautton Variationen ein.<\/p>\n<p>Nach gute zwei Jahren Pandemie kommt das langersehnte Feature <strong>Face ID<\/strong> f\u00fcr Maskentr\u00e4ger. Einen kleinen hacken hat das ganze allerdings, nur Nutzer der neueren Generation iPhone 12 und iPhone 13 kommen in den Genuss, die \u00e4lteren Modelle gehen hier leider leer aus, was wie wir finden sehr schade ist.<\/p>\n<p>Ein weiteres Feature ist <strong>Universal Control,<\/strong> Apple f\u00fchrt mit iPadOS 15.4 die nahtlose Steuerung zwischen iPad und dem Mac ein. Letzteres muss auch \u00fcber macOS 12.3 verf\u00fcgen, das sich derzeit in der Entwicklung befindet. Man kann nach dem Feature die Tastatur und die Maus eines Macs nun auch auf dem iPad fusioniert verwenden.<\/p>\n<p>Es werden mit Sicherheit weitere Features bis zur Ver\u00f6ffentlichung des Updates voraussichtlich im M\u00e4rz dazu kommen.<\/p>\n<p>&nbsp;<\/p>\n","protected":false},"excerpt":{"rendered":"<p>iOS 15.4 Update- neue Features f\u00fcr iPhone und co. Apple Nutzer k\u00f6nnen sich diesmal wirklich auf das Update freuen. Unter dem neuen iOS 15.4 Update&hellip;<\/p>\n","protected":false},"author":1,"featured_media":0,"comment_status":"open","ping_status":"open","sticky":false,"template":"","format":"standard","meta":[],"categories":[156,150,7,1,3],"tags":[54,993,1485,377,151,114,1479,89,33,1483,1484,347,1482,1480,194],"_links":{"self":[{"href":"https:\/\/www.smarttarif24.de\/blog\/wp-json\/wp\/v2\/posts\/2724"}],"collection":[{"href":"https:\/\/www.smarttarif24.de\/blog\/wp-json\/wp\/v2\/posts"}],"about":[{"href":"https:\/\/www.smarttarif24.de\/blog\/wp-json\/wp\/v2\/types\/post"}],"author":[{"embeddable":true,"href":"https:\/\/www.smarttarif24.de\/blog\/wp-json\/wp\/v2\/users\/1"}],"replies":[{"embeddable":true,"href":"https:\/\/www.smarttarif24.de\/blog\/wp-json\/wp\/v2\/comments?post=2724"}],"version-history":[{"count":4,"href":"https:\/\/www.smarttarif24.de\/blog\/wp-json\/wp\/v2\/posts\/2724\/revisions"}],"predecessor-version":[{"id":2756,"href":"https:\/\/www.smarttarif24.de\/blog\/wp-json\/wp\/v2\/posts\/2724\/revisions\/2756"}],"wp:attachment":[{"href":"https:\/\/www.smarttarif24.de\/blog\/wp-json\/wp\/v2\/media?parent=2724"}],"wp:term":[{"taxonomy":"category","embeddable":true,"href":"https:\/\/www.smarttarif24.de\/blog\/wp-json\/wp\/v2\/categories?post=2724"},{"taxonomy":"post_tag","embeddable":true,"href":"https:\/\/www.smarttarif24.de\/blog\/wp-json\/wp\/v2\/tags?post=2724"}],"curies":[{"name":"wp","href":"https:\/\/api.w.org\/{rel}","templated":true}]}}