{"id":2536,"date":"2020-01-08T10:00:42","date_gmt":"2020-01-08T09:00:42","guid":{"rendered":"https:\/\/www.smarttarif24.de\/blog\/?p=2536"},"modified":"2020-01-07T22:59:30","modified_gmt":"2020-01-07T21:59:30","slug":"samsung-galaxy-s11-newcomer-mit-neuem-namen","status":"publish","type":"post","link":"https:\/\/www.smarttarif24.de\/blog\/2020\/01\/08\/samsung-galaxy-s11-newcomer-mit-neuem-namen\/","title":{"rendered":"Samsung Galaxy S11: Newcomer mit neuem Namen?"},"content":{"rendered":"<figure id=\"attachment_1500\" aria-describedby=\"caption-attachment-1500\" style=\"width: 300px\" class=\"wp-caption alignnone\"><img decoding=\"async\" loading=\"lazy\" class=\"size-medium wp-image-1500\" src=\"https:\/\/www.smarttarif24.de\/blog\/wp-content\/uploads\/2019\/02\/37421950_s-300x200.jpg\" alt=\"\" width=\"300\" height=\"200\" srcset=\"https:\/\/www.smarttarif24.de\/blog\/wp-content\/uploads\/2019\/02\/37421950_s-300x200.jpg 300w, https:\/\/www.smarttarif24.de\/blog\/wp-content\/uploads\/2019\/02\/37421950_s-768x512.jpg 768w, https:\/\/www.smarttarif24.de\/blog\/wp-content\/uploads\/2019\/02\/37421950_s.jpg 847w\" sizes=\"(max-width: 300px) 100vw, 300px\" \/><figcaption id=\"caption-attachment-1500\" class=\"wp-caption-text\">Quelle: 123rf.com<\/figcaption><\/figure>\n<p>Die Vorstellung des Samsung Galaxy S11 wird, wie erwartet, am 18. Februar 2020 stattfinden.<\/p>\n<p>Erwartet wird die Vorstellung zwar f\u00fcr ein Galaxy S11, aber wom\u00f6glich wird Samsung die S11 bis S19 Modelle \u00fcberspringen und sein neues Flaggschiff\u00a0 aus Marketinggr\u00fcnden <strong>Galaxy S20<\/strong> nennen.<\/p>\n<p>Neben dem Samsung <strong>Galaxy S20<\/strong> werden noch weitere zwei Varianten erwartet. Wobei\u00a0 eine Variante den Zusatz &#8222;Ultra&#8220; erhalten wird. Ger\u00fcchten nach wir der s\u00fcdkoreanische Hersteller diesesmal den Fokus auf die Kamera legen. Was ihr alles beim neuen Flaggschiff von Samsung erwarten d\u00fcrft, erfahrt ihr hier:<\/p>\n<h3>Design<\/h3>\n<p>Da Samsung alles zwei Jahre einen Design-Wechsel vornimmt, wird dieses Jahr noch nicht davon ausgegangen. Dennoch gibt es einige kleine \u00c4nderungen bez\u00fcglich der Punch-Hole f\u00fcr die Frontkamera. Diese wird sich n\u00e4mlich von der rechten Displayecke in die Mitte verschieben. Auch die Aussparung soll kleiner ausfallen als beim Vorg\u00e4nger. Desweiteren wird sich das Display wohl auch etwas in die L\u00e4nge ziehen und von 19:9 auf ein Seitenverh\u00e4ltnis von 20:9 \u00e4ndern.<\/p>\n<h3>Kamera<\/h3>\n<p>Der S\u00fcdkoreanische Hersteller macht es dem Huawei P30 Pro nach: Entwickelt wurde eine Kamera mit verbesserter Zoomf\u00e4higkeit (f\u00fcnffach optischer Zoom). Die Aufl\u00f6sungen f\u00fcr die Periskop-Kamera wird bei 48 Megapixeln liegen wobei die Hauptkamera mit 108 Megapixeln aufl\u00f6sen soll. Das sorgt f\u00fcr bessere Bilder im Dunkeln.<\/p>\n<h3>Prozessor<\/h3>\n<p>Als Prozessor kommt der Einsatz von Exynos 990 f\u00fcr Europa und Deutschland. Dieser Prozessor unterst\u00fctzt auch ein 120-Hertz-Display. Wahrscheinlich wird Samsung \u00fcber ein entprechendes Bildschirm verf\u00fcgen. Das dient zur besseren und fl\u00fcssigeren Bedienung und bringt viele Vorteile beim Mobile Gaming. In Amerika und Asien liefert Samsung das <strong>Galaxy S20<\/strong> mit Snapdragon 865.<\/p>\n<h3>Preise<\/h3>\n<p>Offiziell sind noch keine Preise bekannt, aber wenn man vom Vorg\u00e4nger ausgeht, wird der Preis, je nach Variante wom\u00f6glich zwischen 850 Euro\u00a0 und 1.600 Euro liegen.<\/p>\n<h3>Farben<\/h3>\n<p>Samsung plant das <strong>S20<\/strong> in den Farben Blau, Pink Schwarz und Wei\u00df zu ver\u00f6ffentlichen.<\/p>\n<p>&nbsp;<\/p>\n","protected":false},"excerpt":{"rendered":"<p>Die Vorstellung des Samsung Galaxy S11 wird, wie erwartet, am 18. Februar 2020 stattfinden. Erwartet wird die Vorstellung zwar f\u00fcr ein Galaxy S11, aber wom\u00f6glich&hellip;<\/p>\n","protected":false},"author":1,"featured_media":0,"comment_status":"open","ping_status":"open","sticky":false,"template":"","format":"standard","meta":[],"categories":[6,1,3],"tags":[11,601,714,664,344,343,1240,1381,165,362,609,1189,8,700,14],"_links":{"self":[{"href":"https:\/\/www.smarttarif24.de\/blog\/wp-json\/wp\/v2\/posts\/2536"}],"collection":[{"href":"https:\/\/www.smarttarif24.de\/blog\/wp-json\/wp\/v2\/posts"}],"about":[{"href":"https:\/\/www.smarttarif24.de\/blog\/wp-json\/wp\/v2\/types\/post"}],"author":[{"embeddable":true,"href":"https:\/\/www.smarttarif24.de\/blog\/wp-json\/wp\/v2\/users\/1"}],"replies":[{"embeddable":true,"href":"https:\/\/www.smarttarif24.de\/blog\/wp-json\/wp\/v2\/comments?post=2536"}],"version-history":[{"count":1,"href":"https:\/\/www.smarttarif24.de\/blog\/wp-json\/wp\/v2\/posts\/2536\/revisions"}],"predecessor-version":[{"id":2537,"href":"https:\/\/www.smarttarif24.de\/blog\/wp-json\/wp\/v2\/posts\/2536\/revisions\/2537"}],"wp:attachment":[{"href":"https:\/\/www.smarttarif24.de\/blog\/wp-json\/wp\/v2\/media?parent=2536"}],"wp:term":[{"taxonomy":"category","embeddable":true,"href":"https:\/\/www.smarttarif24.de\/blog\/wp-json\/wp\/v2\/categories?post=2536"},{"taxonomy":"post_tag","embeddable":true,"href":"https:\/\/www.smarttarif24.de\/blog\/wp-json\/wp\/v2\/tags?post=2536"}],"curies":[{"name":"wp","href":"https:\/\/api.w.org\/{rel}","templated":true}]}}