{"id":241,"date":"2018-09-10T12:00:06","date_gmt":"2018-09-10T10:00:06","guid":{"rendered":"http:\/\/www.smarttarif24.de\/Blog\/?p=241"},"modified":"2018-10-12T18:12:17","modified_gmt":"2018-10-12T16:12:17","slug":"faltbares-galaxy-f-vorstellung-im-november","status":"publish","type":"post","link":"https:\/\/www.smarttarif24.de\/blog\/2018\/09\/10\/faltbares-galaxy-f-vorstellung-im-november\/","title":{"rendered":"Faltbares Galaxy F ?! Vorstellung im November ?!"},"content":{"rendered":"<p>Ein Faltbares Handy? Vorstellung vielleicht schon Anfang November?\u00a0Samsung hat in einem Interview best\u00e4tigt, dass sein erstes faltbares Smartphone noch dieses Jahr auf den Markt kommt. DJ\u00a0Koh, seines Zeichens CEO des Herstellers, teilte dieses Vorhaben mit und brachte zugleich ein m\u00f6gliches Datum f\u00fcr die Pr\u00e4sentation ins Spiel. Das noch namenlose Smartphone, das von insidern als\u00a0<strong>Galaxy\u00a0F<\/strong>\u00a0oder\u00a0<strong>Galaxy X<\/strong>\u00a0bezeichnet wird, k\u00f6nnte am <strong>7. oder 8.\u00a0November<\/strong> das Licht der Welt erblicken. In diesem Zeitraum findet die Samsung\u00a0Entwicklerkonferenz 2018 statt.<\/p>\n<figure id=\"attachment_242\" aria-describedby=\"caption-attachment-242\" style=\"width: 800px\" class=\"wp-caption alignnone\"><img decoding=\"async\" loading=\"lazy\" class=\"wp-image-242 size-full\" src=\"http:\/\/www.smarttarif24.de\/Blog\/wp-content\/uploads\/2018\/09\/faltbares-galaxy-F.jpg\" alt=\"Faltbares Galaxy F ?! Vorstellung im November ?!\" width=\"800\" height=\"500\" srcset=\"https:\/\/www.smarttarif24.de\/blog\/wp-content\/uploads\/2018\/09\/faltbares-galaxy-F.jpg 800w, https:\/\/www.smarttarif24.de\/blog\/wp-content\/uploads\/2018\/09\/faltbares-galaxy-F-300x188.jpg 300w, https:\/\/www.smarttarif24.de\/blog\/wp-content\/uploads\/2018\/09\/faltbares-galaxy-F-768x480.jpg 768w\" sizes=\"(max-width: 800px) 100vw, 800px\" \/><figcaption id=\"caption-attachment-242\" class=\"wp-caption-text\">Quelle: Mobiel.nl<\/figcaption><\/figure>\n<p>Eigentlich hat Huawei vor, als weltweit erstes Unternehmen ein flexibles Smartphone herauszubringen, doch der Marktf\u00fchrer verfolgt dieses Ziel ebenfalls. Es ist gut m\u00f6glich, dass Samsung das erste faltbare Telefon herausbringt, wie\u00a0<a class=\"chext chHr\" href=\"https:\/\/www.gsmarena.com\/samsung_confirms_a_foldable_smartphone_is_coming_this_year-news-33085.php\" target=\"_blank\" rel=\"noopener\">GSMArena<\/a>\u00a0berichtet. Der CEO beteuerte, dass die Firma ein flexibles Galaxy noch dieses Jahr vorstellen m\u00f6chte. Samsung f\u00fchrte eine Umfrage durch, um zu er\u00f6rtern, ob die Anwender bereits ein verformbares Handy wollen. Die Resonanz ist durchaus positiv gewesen. Das kommende Falt-Smartphone, das eventuell den Start einer neuen Produktlinie markiert (Galaxy\u00a0F), soll den Nutzern bei ge\u00f6ffnetem Zustand einen Mehrwert bieten. Wir sind gespannt und halten euch auf dem laufenden.<\/p>\n<p>&nbsp;<\/p>\n<p>Weitere News und tolle Angebote finden sie unter <a href=\"https:\/\/www.smarttarif24.de\">www.smarttarif24.de<\/a><\/p>\n","protected":false},"excerpt":{"rendered":"<p>Ein Faltbares Handy? Vorstellung vielleicht schon Anfang November?\u00a0Samsung hat in einem Interview best\u00e4tigt, dass sein erstes faltbares Smartphone noch dieses Jahr auf den Markt kommt.&hellip;<\/p>\n","protected":false},"author":2,"featured_media":0,"comment_status":"open","ping_status":"open","sticky":false,"template":"","format":"standard","meta":[],"categories":[6,1,3],"tags":[88,55,87,8,13,18,14],"_links":{"self":[{"href":"https:\/\/www.smarttarif24.de\/blog\/wp-json\/wp\/v2\/posts\/241"}],"collection":[{"href":"https:\/\/www.smarttarif24.de\/blog\/wp-json\/wp\/v2\/posts"}],"about":[{"href":"https:\/\/www.smarttarif24.de\/blog\/wp-json\/wp\/v2\/types\/post"}],"author":[{"embeddable":true,"href":"https:\/\/www.smarttarif24.de\/blog\/wp-json\/wp\/v2\/users\/2"}],"replies":[{"embeddable":true,"href":"https:\/\/www.smarttarif24.de\/blog\/wp-json\/wp\/v2\/comments?post=241"}],"version-history":[{"count":4,"href":"https:\/\/www.smarttarif24.de\/blog\/wp-json\/wp\/v2\/posts\/241\/revisions"}],"predecessor-version":[{"id":681,"href":"https:\/\/www.smarttarif24.de\/blog\/wp-json\/wp\/v2\/posts\/241\/revisions\/681"}],"wp:attachment":[{"href":"https:\/\/www.smarttarif24.de\/blog\/wp-json\/wp\/v2\/media?parent=241"}],"wp:term":[{"taxonomy":"category","embeddable":true,"href":"https:\/\/www.smarttarif24.de\/blog\/wp-json\/wp\/v2\/categories?post=241"},{"taxonomy":"post_tag","embeddable":true,"href":"https:\/\/www.smarttarif24.de\/blog\/wp-json\/wp\/v2\/tags?post=241"}],"curies":[{"name":"wp","href":"https:\/\/api.w.org\/{rel}","templated":true}]}}