{"id":1630,"date":"2019-02-23T10:00:18","date_gmt":"2019-02-23T09:00:18","guid":{"rendered":"http:\/\/www.smarttarif24.de\/Blog\/?p=1630"},"modified":"2019-02-21T11:15:20","modified_gmt":"2019-02-21T10:15:20","slug":"iphone-11-neue-geruechte","status":"publish","type":"post","link":"https:\/\/www.smarttarif24.de\/blog\/2019\/02\/23\/iphone-11-neue-geruechte\/","title":{"rendered":"iPhone 11 &#8211; neue Ger\u00fcchte"},"content":{"rendered":"<figure id=\"attachment_1500\" aria-describedby=\"caption-attachment-1500\" style=\"width: 300px\" class=\"wp-caption alignnone\"><img decoding=\"async\" loading=\"lazy\" class=\"size-medium wp-image-1500\" src=\"http:\/\/www.smarttarif24.de\/Blog\/wp-content\/uploads\/2019\/02\/37421950_s-300x200.jpg\" alt=\"\" width=\"300\" height=\"200\" srcset=\"https:\/\/www.smarttarif24.de\/blog\/wp-content\/uploads\/2019\/02\/37421950_s-300x200.jpg 300w, https:\/\/www.smarttarif24.de\/blog\/wp-content\/uploads\/2019\/02\/37421950_s-768x512.jpg 768w, https:\/\/www.smarttarif24.de\/blog\/wp-content\/uploads\/2019\/02\/37421950_s.jpg 847w\" sizes=\"(max-width: 300px) 100vw, 300px\" \/><figcaption id=\"caption-attachment-1500\" class=\"wp-caption-text\">Quelle: 123rf.com<\/figcaption><\/figure>\n<p>Auch f\u00fcr 2019 plant Apple neue Smartphone Modelle. Ger\u00fcchten nach, soll auch dieses Jahr wieder drei iPhone-Modelle erscheinen. Wir haben uns mal rumgeh\u00f6rt und Euch so einige Informationen zusammengestellt. Laut Spekulationen sollen die neuen iPhone-Modelle folgende Austattungen bekommen:<\/p>\n<ul>\n<li>zwei der Modelle sollen einen OLED-Display mit 5,8 Zoll und 6.5 Zoll haben und eins mit einem LCD-Panel mit 6,1 Zoll.<\/li>\n<li>Ultra-Wide Band-Technologie, f\u00fcr einen besseren Verbindungsstandard, bessere Navigation und Positionsbestimmung<\/li>\n<li>eine dritte Kamera\/Teleobjektiv<\/li>\n<li>per Qi-Standard aufladbar<\/li>\n<li>Face-ID Upgrade<\/li>\n<li>Stabileres Geh\u00e4use (Spezialbeschichtung)<\/li>\n<li>Arbeitsspeicher Upgrade<\/li>\n<li>Gr\u00f6\u00dferer Akku<\/li>\n<li>das neue iPhone in der Farbe Gr\u00fcn<\/li>\n<li>weiterhin kein USB-Typ-C-Anschluss<\/li>\n<li>die Preise werden gleich bleiben oder ggf. leicht steigen.<\/li>\n<\/ul>\n<p>Ob dies dann auch alles so umgestzt wird, wird sich erst im September 2019 zeigen.<\/p>\n","protected":false},"excerpt":{"rendered":"<p>Auch f\u00fcr 2019 plant Apple neue Smartphone Modelle. Ger\u00fcchten nach, soll auch dieses Jahr wieder drei iPhone-Modelle erscheinen. Wir haben uns mal rumgeh\u00f6rt und Euch&hellip;<\/p>\n","protected":false},"author":1,"featured_media":0,"comment_status":"open","ping_status":"open","sticky":false,"template":"","format":"standard","meta":[],"categories":[156,7,1,3],"tags":[54,344,33,546,362,685,14],"_links":{"self":[{"href":"https:\/\/www.smarttarif24.de\/blog\/wp-json\/wp\/v2\/posts\/1630"}],"collection":[{"href":"https:\/\/www.smarttarif24.de\/blog\/wp-json\/wp\/v2\/posts"}],"about":[{"href":"https:\/\/www.smarttarif24.de\/blog\/wp-json\/wp\/v2\/types\/post"}],"author":[{"embeddable":true,"href":"https:\/\/www.smarttarif24.de\/blog\/wp-json\/wp\/v2\/users\/1"}],"replies":[{"embeddable":true,"href":"https:\/\/www.smarttarif24.de\/blog\/wp-json\/wp\/v2\/comments?post=1630"}],"version-history":[{"count":1,"href":"https:\/\/www.smarttarif24.de\/blog\/wp-json\/wp\/v2\/posts\/1630\/revisions"}],"predecessor-version":[{"id":1631,"href":"https:\/\/www.smarttarif24.de\/blog\/wp-json\/wp\/v2\/posts\/1630\/revisions\/1631"}],"wp:attachment":[{"href":"https:\/\/www.smarttarif24.de\/blog\/wp-json\/wp\/v2\/media?parent=1630"}],"wp:term":[{"taxonomy":"category","embeddable":true,"href":"https:\/\/www.smarttarif24.de\/blog\/wp-json\/wp\/v2\/categories?post=1630"},{"taxonomy":"post_tag","embeddable":true,"href":"https:\/\/www.smarttarif24.de\/blog\/wp-json\/wp\/v2\/tags?post=1630"}],"curies":[{"name":"wp","href":"https:\/\/api.w.org\/{rel}","templated":true}]}}