{"id":1154,"date":"2018-12-12T12:00:18","date_gmt":"2018-12-12T11:00:18","guid":{"rendered":"http:\/\/www.smarttarif24.de\/Blog\/?p=1154"},"modified":"2018-12-10T15:23:51","modified_gmt":"2018-12-10T14:23:51","slug":"apple-touch-id-come-back-2020","status":"publish","type":"post","link":"https:\/\/www.smarttarif24.de\/blog\/2018\/12\/12\/apple-touch-id-come-back-2020\/","title":{"rendered":"Apple: Touch ID Come Back 2020?"},"content":{"rendered":"<p>Apple baut bei den iPhones auf Face ID statt auf Touch ID, es gibt aber Kritik am kalifornischen Unternehmen. Apple ist nun sogar bereit, ernsthaft \u00fcber ein Come back von Touch ID nachzudenken, und zwar in Verbindung mit dem\u00a0Apple iPhone 2020. Alle denken sich jetzt WHAATT?! Nachdem es DAS Feature schlechthin war soll ernsthaft Touch ID wieder kommen?<\/p>\n<figure id=\"attachment_1155\" aria-describedby=\"caption-attachment-1155\" style=\"width: 692px\" class=\"wp-caption aligncenter\"><img decoding=\"async\" loading=\"lazy\" class=\"wp-image-1155 size-full\" src=\"http:\/\/www.smarttarif24.de\/Blog\/wp-content\/uploads\/2018\/12\/33995021_s.jpg\" alt=\"Apple: Touch ID Come Back 2020?\" width=\"692\" height=\"692\" srcset=\"https:\/\/www.smarttarif24.de\/blog\/wp-content\/uploads\/2018\/12\/33995021_s.jpg 692w, https:\/\/www.smarttarif24.de\/blog\/wp-content\/uploads\/2018\/12\/33995021_s-150x150.jpg 150w, https:\/\/www.smarttarif24.de\/blog\/wp-content\/uploads\/2018\/12\/33995021_s-300x300.jpg 300w\" sizes=\"(max-width: 692px) 100vw, 692px\" \/><figcaption id=\"caption-attachment-1155\" class=\"wp-caption-text\">Quelle: 123rf.com \/ Said Kurbanov<\/figcaption><\/figure>\n<p>Es soll bei Apple interne \u00dcberlegungen geben, wieder zu Touch ID zur\u00fcckzukehren, aber in anderer Form als bisher. Man munkelt das es sich um einen Fingerabdruckscanner im Display handeln soll. Jetzt stellt sich die Frage, warum das ganze?\u00a0Apple m\u00f6chte wohl die Kosten f\u00fcr die Benutzung von Face ID einsparen, das funktioniert nat\u00fcrlich am besten, wenn Face ID gar nicht erst zum Einsatz kommt. Wie das ganze von statten gehen soll ist noch nicht ganz klar. Was wir aber wissen, die Modelle des Apple iPad 2019 sind bereits mit der Technologie geplant. Mit den iPads soll Apple den Testlauf f\u00fcr die darauffolgende Generation der iPhones bezwecken. Wir sind mal gespannt &amp; halten euch auf dem neusten.<\/p>\n","protected":false},"excerpt":{"rendered":"<p>Apple baut bei den iPhones auf Face ID statt auf Touch ID, es gibt aber Kritik am kalifornischen Unternehmen. Apple ist nun sogar bereit, ernsthaft&hellip;<\/p>\n","protected":false},"author":2,"featured_media":0,"comment_status":"open","ping_status":"open","sticky":false,"template":"","format":"standard","meta":[],"categories":[156,150,1],"tags":[54,151,89,33,106,17,63,18,14,416],"_links":{"self":[{"href":"https:\/\/www.smarttarif24.de\/blog\/wp-json\/wp\/v2\/posts\/1154"}],"collection":[{"href":"https:\/\/www.smarttarif24.de\/blog\/wp-json\/wp\/v2\/posts"}],"about":[{"href":"https:\/\/www.smarttarif24.de\/blog\/wp-json\/wp\/v2\/types\/post"}],"author":[{"embeddable":true,"href":"https:\/\/www.smarttarif24.de\/blog\/wp-json\/wp\/v2\/users\/2"}],"replies":[{"embeddable":true,"href":"https:\/\/www.smarttarif24.de\/blog\/wp-json\/wp\/v2\/comments?post=1154"}],"version-history":[{"count":1,"href":"https:\/\/www.smarttarif24.de\/blog\/wp-json\/wp\/v2\/posts\/1154\/revisions"}],"predecessor-version":[{"id":1156,"href":"https:\/\/www.smarttarif24.de\/blog\/wp-json\/wp\/v2\/posts\/1154\/revisions\/1156"}],"wp:attachment":[{"href":"https:\/\/www.smarttarif24.de\/blog\/wp-json\/wp\/v2\/media?parent=1154"}],"wp:term":[{"taxonomy":"category","embeddable":true,"href":"https:\/\/www.smarttarif24.de\/blog\/wp-json\/wp\/v2\/categories?post=1154"},{"taxonomy":"post_tag","embeddable":true,"href":"https:\/\/www.smarttarif24.de\/blog\/wp-json\/wp\/v2\/tags?post=1154"}],"curies":[{"name":"wp","href":"https:\/\/api.w.org\/{rel}","templated":true}]}}