{"id":1020,"date":"2018-11-22T10:00:24","date_gmt":"2018-11-22T09:00:24","guid":{"rendered":"http:\/\/www.smarttarif24.de\/Blog\/?p=1020"},"modified":"2018-11-20T15:48:22","modified_gmt":"2018-11-20T14:48:22","slug":"neue-funktion-3d-fotos-posten","status":"publish","type":"post","link":"https:\/\/www.smarttarif24.de\/blog\/2018\/11\/22\/neue-funktion-3d-fotos-posten\/","title":{"rendered":"Neue Funktion: 3D-Fotos posten"},"content":{"rendered":"<p><span style=\"color: #ff0000;\"><strong>Neue Funktion ben\u00f6tigt eine Dual-Kamera und ein iPhone<\/strong><\/span><\/p>\n<figure id=\"attachment_1025\" aria-describedby=\"caption-attachment-1025\" style=\"width: 300px\" class=\"wp-caption alignnone\"><img decoding=\"async\" loading=\"lazy\" class=\"size-medium wp-image-1025\" src=\"http:\/\/www.smarttarif24.de\/Blog\/wp-content\/uploads\/2018\/11\/12557727_s-300x300.jpg\" alt=\"\" width=\"300\" height=\"300\" srcset=\"https:\/\/www.smarttarif24.de\/blog\/wp-content\/uploads\/2018\/11\/12557727_s-300x300.jpg 300w, https:\/\/www.smarttarif24.de\/blog\/wp-content\/uploads\/2018\/11\/12557727_s-150x150.jpg 150w, https:\/\/www.smarttarif24.de\/blog\/wp-content\/uploads\/2018\/11\/12557727_s.jpg 692w\" sizes=\"(max-width: 300px) 100vw, 300px\" \/><figcaption id=\"caption-attachment-1025\" class=\"wp-caption-text\">Quelle: 123rf.com \/ Milosh Kojadinovich<\/figcaption><\/figure>\n<p>Vor einigen Tagen hat Facebook eine neue Funktion vorgestellt. Neben 360-Grad-Bildern und Live-Videos in 360 Grad k\u00f6nnen Nutzer nun auch 3D-Fotos posten. Die wichtigste Voraussetzung f\u00fcr dieses Features ist ein Smartphone mit Dual-Kamera. Um ein 3D-Bild im News-Feed zu ver\u00f6ffentlichen, m\u00fcssen diese im Portrait-Modus aufgenommen werden. Im Moment funktioniert dies jedoch nur mit iPhones. Android-Nutzer m\u00fcssen sich noch ein wenig gedulden. Bisher ist dieses Feature also nur einigen wenigen Nutzern vorbehalten. In den kommenden Wochen soll es jedoch f\u00fcr alle User verf\u00fcgbar sein. Aber nicht nur im News-Feed, sondern auch per VR-Brille k\u00f6nnen die 3D-Schnappsch\u00fcsse betrachtet werden.<\/p>\n","protected":false},"excerpt":{"rendered":"<p>Neue Funktion ben\u00f6tigt eine Dual-Kamera und ein iPhone Vor einigen Tagen hat Facebook eine neue Funktion vorgestellt. Neben 360-Grad-Bildern und Live-Videos in 360 Grad k\u00f6nnen&hellip;<\/p>\n","protected":false},"author":1,"featured_media":0,"comment_status":"open","ping_status":"open","sticky":false,"template":"","format":"standard","meta":[],"categories":[6,7,1,3],"tags":[352,354,353,33,355],"_links":{"self":[{"href":"https:\/\/www.smarttarif24.de\/blog\/wp-json\/wp\/v2\/posts\/1020"}],"collection":[{"href":"https:\/\/www.smarttarif24.de\/blog\/wp-json\/wp\/v2\/posts"}],"about":[{"href":"https:\/\/www.smarttarif24.de\/blog\/wp-json\/wp\/v2\/types\/post"}],"author":[{"embeddable":true,"href":"https:\/\/www.smarttarif24.de\/blog\/wp-json\/wp\/v2\/users\/1"}],"replies":[{"embeddable":true,"href":"https:\/\/www.smarttarif24.de\/blog\/wp-json\/wp\/v2\/comments?post=1020"}],"version-history":[{"count":1,"href":"https:\/\/www.smarttarif24.de\/blog\/wp-json\/wp\/v2\/posts\/1020\/revisions"}],"predecessor-version":[{"id":1026,"href":"https:\/\/www.smarttarif24.de\/blog\/wp-json\/wp\/v2\/posts\/1020\/revisions\/1026"}],"wp:attachment":[{"href":"https:\/\/www.smarttarif24.de\/blog\/wp-json\/wp\/v2\/media?parent=1020"}],"wp:term":[{"taxonomy":"category","embeddable":true,"href":"https:\/\/www.smarttarif24.de\/blog\/wp-json\/wp\/v2\/categories?post=1020"},{"taxonomy":"post_tag","embeddable":true,"href":"https:\/\/www.smarttarif24.de\/blog\/wp-json\/wp\/v2\/tags?post=1020"}],"curies":[{"name":"wp","href":"https:\/\/api.w.org\/{rel}","templated":true}]}}