{"id":1016,"date":"2018-11-21T10:00:11","date_gmt":"2018-11-21T09:00:11","guid":{"rendered":"http:\/\/www.smarttarif24.de\/Blog\/?p=1016"},"modified":"2018-11-20T15:28:59","modified_gmt":"2018-11-20T14:28:59","slug":"ios-version-von-whatsapp-zeigt-bereits-werbung-an","status":"publish","type":"post","link":"https:\/\/www.smarttarif24.de\/blog\/2018\/11\/21\/ios-version-von-whatsapp-zeigt-bereits-werbung-an\/","title":{"rendered":"IOS-Version von WhatsApp zeigt bereits Werbung an"},"content":{"rendered":"<figure id=\"attachment_445\" aria-describedby=\"caption-attachment-445\" style=\"width: 300px\" class=\"wp-caption alignnone\"><img decoding=\"async\" loading=\"lazy\" class=\"wp-image-445 size-medium\" src=\"http:\/\/www.smarttarif24.de\/Blog\/wp-content\/uploads\/2018\/09\/40958161_s-300x227.jpg\" alt=\"IOS-Version von WhatsApp zeigt bereits Werbung an\" width=\"300\" height=\"227\" srcset=\"https:\/\/www.smarttarif24.de\/blog\/wp-content\/uploads\/2018\/09\/40958161_s-300x227.jpg 300w, https:\/\/www.smarttarif24.de\/blog\/wp-content\/uploads\/2018\/09\/40958161_s-768x581.jpg 768w, https:\/\/www.smarttarif24.de\/blog\/wp-content\/uploads\/2018\/09\/40958161_s.jpg 796w\" sizes=\"(max-width: 300px) 100vw, 300px\" \/><figcaption id=\"caption-attachment-445\" class=\"wp-caption-text\">Quelle: 123rf.com<\/figcaption><\/figure>\n<p>Vor ein paar Wochen lie\u00df <strong>WhatsApp<\/strong> mit der Ank\u00fcndigung aufhorchen, dass ab dem kommenden Jahr Werbung \u00fcber den Messenger-Dienst ausgespielt wird. Wie nun \u00fcber die Plattform &#8222;WABeta Info&#8220; bekannt wurde, hat <strong>WhatsApp<\/strong> in der iOS-Version seiner App bereits mit dem Anzeigen von Werbung begonnen. Zun\u00e4chst handelt es sich noch um eine begrenzte Testphase, die lediglich auf Nutzer in Indien beschr\u00e4nkt ist. Die Werbung wird im Status-Bereich des Messengers angezeigt. <strong>WhatsApp<\/strong> r\u00e4umt seinen Nutzern jedoch die M\u00f6glichkeit ein, die Werbeanzeigen deaktivieren zu k\u00f6nnen. 2019 soll dieses Feature dann m\u00f6glichst rasch in der iOS- und Android-Version implementiert und dann global ausgerollt werden.<\/p>\n<p>Im Vorfeld haben bereits unz\u00e4hlige Nutzer angek\u00fcndigt, den Messenger-Dienst nicht mehr zu nutzen, sobald Werbung geschaltet wird. Wie sich die Nutzerzahlen entwickeln werden, bleibt abzuwarten.<\/p>\n","protected":false},"excerpt":{"rendered":"<p>Vor ein paar Wochen lie\u00df WhatsApp mit der Ank\u00fcndigung aufhorchen, dass ab dem kommenden Jahr Werbung \u00fcber den Messenger-Dienst ausgespielt wird. Wie nun \u00fcber die&hellip;<\/p>\n","protected":false},"author":1,"featured_media":0,"comment_status":"open","ping_status":"open","sticky":false,"template":"","format":"standard","meta":[],"categories":[6,7,1],"tags":[11,114,347,13,346,166],"_links":{"self":[{"href":"https:\/\/www.smarttarif24.de\/blog\/wp-json\/wp\/v2\/posts\/1016"}],"collection":[{"href":"https:\/\/www.smarttarif24.de\/blog\/wp-json\/wp\/v2\/posts"}],"about":[{"href":"https:\/\/www.smarttarif24.de\/blog\/wp-json\/wp\/v2\/types\/post"}],"author":[{"embeddable":true,"href":"https:\/\/www.smarttarif24.de\/blog\/wp-json\/wp\/v2\/users\/1"}],"replies":[{"embeddable":true,"href":"https:\/\/www.smarttarif24.de\/blog\/wp-json\/wp\/v2\/comments?post=1016"}],"version-history":[{"count":1,"href":"https:\/\/www.smarttarif24.de\/blog\/wp-json\/wp\/v2\/posts\/1016\/revisions"}],"predecessor-version":[{"id":1019,"href":"https:\/\/www.smarttarif24.de\/blog\/wp-json\/wp\/v2\/posts\/1016\/revisions\/1019"}],"wp:attachment":[{"href":"https:\/\/www.smarttarif24.de\/blog\/wp-json\/wp\/v2\/media?parent=1016"}],"wp:term":[{"taxonomy":"category","embeddable":true,"href":"https:\/\/www.smarttarif24.de\/blog\/wp-json\/wp\/v2\/categories?post=1016"},{"taxonomy":"post_tag","embeddable":true,"href":"https:\/\/www.smarttarif24.de\/blog\/wp-json\/wp\/v2\/tags?post=1016"}],"curies":[{"name":"wp","href":"https:\/\/api.w.org\/{rel}","templated":true}]}}